{"id":6605,"date":"2016-01-28T11:58:44","date_gmt":"2016-01-28T09:58:44","guid":{"rendered":"http:\/\/moving2madrid.wpengine.com\/it\/madrid-e-davvero-sicura\/"},"modified":"2017-05-10T12:58:59","modified_gmt":"2017-05-10T12:58:59","slug":"madrid-e-davvero-sicura","status":"publish","type":"post","link":"https:\/\/moving2madrid.com\/it\/madrid-e-davvero-sicura\/","title":{"rendered":"Madrid \u00e8 davvero sicura?"},"content":{"rendered":"<p>Recentemente Madrid \u00e8 stata eletta la seconda capitale d\u2019Europa pi\u00f9 sicura dopo Vienna.<\/p>\n<p>Migliaia di poliziotti pattugliano le citt\u00e0 sia nelle aree turistiche sia in quelle residenziali. \u00c8 difficile camminare per Madrid e non incontrarsi una macchina di pattuglia della Polizia come quella mostrata nella foto, a qualsiasi ora del giorno e della notte.<\/p>\n<p>Un altro degli aspetti principali della sicurezza a Madrid, sono le sue abitudini sociali. In generale le persone in Spagna cenano per le 10 di sera, escono a bere fino a mezzanotte e verso le 3 \u00e8 quando tutto pu\u00f2 iniziare. Quindi \u00e8 davvero difficile essere soli quando si torna a casa. Normalmente le strade sono piene di gente.<\/p>\n<p>Lo sforzo costante per aumentare la presenza di poliziotti ha portato a una forte riduzione del 18,3% della criminalit\u00e0 tra il 2003 e il 2009.<\/p>\n<p>In un Paese in cui il turismo rappresenta il 10% del prodotto interno lordo, il terzo Paese pi\u00f9 visitato dopo Stati Uniti e Fracia, \u00e8 facile capire perch\u00e9 la sicurezza rappresenta un obbiettivo indiscusso delle amministrazioni pubbliche.<\/p>\n<div id=\"attachment_5716\" style=\"width: 394px\" class=\"wp-caption aligncenter\"><img loading=\"lazy\" decoding=\"async\" aria-describedby=\"caption-attachment-5716\" class=\" wp-image-5716\" src=\"https:\/\/moving2madrid.com\/wp-content\/uploads\/2011\/09\/Puerta-del-Sol.jpg\" alt=\"The central Puerta de Sol square. Safe at day, safe at night\" width=\"384\" height=\"256\" \/><p id=\"caption-attachment-5716\" class=\"wp-caption-text\">La centrale piazza della Puerta del Sol. Sicura di giorno, sicura di notte<\/p><\/div>\n<p>&nbsp;<\/p>\n<p>Il sentimento generale di Madrid, per quelli come noi in cui ci vivono, \u00e8 senza dubbio quello di una citt\u00e0 sicura. \u00c8 difficile sentirsi insicuri quando si cammina soli di notte e ci si avvicina qualche persona strana. Ovviamente come tutte le citt\u00e0 bisogna fare attenzione ai borseggiatori e di notte alle persone strane. :S<\/p>\n<p>Alcuni riferimenti esterni se vuoi saperne di pi\u00f9:<\/p>\n<p><strong>La pagina ufficiale del comune di Madrid con uno studio sulla criminalit\u00e0: <\/strong><u>www.goo.gl\/xxzczo<\/u><\/p>\n<p><strong>AIL Madrid riguardo alla sicurezza della citt\u00e0: <\/strong>&#8211;\u00a0<u>https:\/\/ailmadrid.blogspot.com.es\/2013\/05\/madrid-europes-second-safest-capital.html<\/u><\/p>\n<p><strong>Go Madrid riguardo a sicurezza e consigli per turisti <\/strong><u>https:\/\/www.gomadrid.com\/practic\/safety.html<\/u><\/p>\n<p>&nbsp;<\/p>\n<p><strong><u>Chiedici informazioni sulla sicurezza di una zona specifica in cui vuoi affittare o comprare casa a Madrid,<br \/>\nti diremo tutto quello che sappiamo e ti aiuteremo a scegliere la zona migliore!<\/u><\/strong><\/p>\n<p style=\"text-align: center;\"><strong>email@moving2madrid.com<\/strong><\/p>\n","protected":false},"excerpt":{"rendered":"<p>Recentemente Madrid \u00e8 stata eletta la seconda capitale d\u2019Europa pi\u00f9 sicura dopo Vienna. Migliaia di [&hellip;]<\/p>\n","protected":false},"author":3,"featured_media":0,"comment_status":"open","ping_status":"open","sticky":false,"template":"","format":"standard","meta":{"_acf_changed":false,"footnotes":""},"categories":[385,401],"tags":[],"class_list":["post-6605","post","type-post","status-publish","format-standard","hentry","category-affitto","category-no-category-it"],"acf":[],"yoast_head":"<meta name=\"robots\" content=\"index, follow, max-snippet:-1, max-image-preview:large, max-video-preview:-1\" \/>\n<link rel=\"canonical\" href=\"https:\/\/moving2madrid.com\/it\/madrid-e-davvero-sicura\/\" \/>\n<meta property=\"og:locale\" content=\"it_IT\" \/>\n<meta property=\"og:type\" content=\"article\" \/>\n<meta property=\"og:title\" content=\"Madrid \u00e8 davvero sicura? - Moving2Madrid\" \/>\n<meta property=\"og:description\" content=\"Recentemente Madrid \u00e8 stata eletta la seconda capitale d\u2019Europa pi\u00f9 sicura dopo Vienna. Migliaia di [&hellip;]\" \/>\n<meta property=\"og:url\" content=\"https:\/\/moving2madrid.com\/it\/madrid-e-davvero-sicura\/\" \/>\n<meta property=\"og:site_name\" content=\"Moving2Madrid\" \/>\n<meta property=\"article:published_time\" content=\"2016-01-28T09:58:44+00:00\" \/>\n<meta property=\"article:modified_time\" content=\"2017-05-10T12:58:59+00:00\" \/>\n<meta property=\"og:image\" content=\"http:\/\/moving2madrid.com\/wp-content\/uploads\/2011\/09\/Puerta-del-Sol.jpg\" \/>\n<meta name=\"twitter:card\" content=\"summary_large_image\" \/>\n<meta name=\"twitter:creator\" content=\"@pierrewaters\" \/>\n<script type=\"application\/ld+json\" class=\"yoast-schema-graph\">{\"@context\":\"https:\/\/schema.org\",\"@graph\":[{\"@type\":\"WebSite\",\"@id\":\"https:\/\/moving2madrid.com\/it\/#website\",\"url\":\"https:\/\/moving2madrid.com\/it\/\",\"name\":\"Moving2Madrid\",\"description\":\"Madrid Property Search &amp; Investment for Expats\",\"potentialAction\":[{\"@type\":\"SearchAction\",\"target\":\"https:\/\/moving2madrid.com\/it\/?s={search_term_string}\",\"query-input\":\"required name=search_term_string\"}],\"inLanguage\":\"it-IT\"},{\"@type\":\"ImageObject\",\"@id\":\"https:\/\/moving2madrid.com\/it\/madrid-e-davvero-sicura\/#primaryimage\",\"inLanguage\":\"it-IT\",\"url\":\"https:\/\/moving2madrid.com\/wp-content\/uploads\/2011\/09\/Puerta-del-Sol.jpg\",\"width\":640,\"height\":480},{\"@type\":\"WebPage\",\"@id\":\"https:\/\/moving2madrid.com\/it\/madrid-e-davvero-sicura\/#webpage\",\"url\":\"https:\/\/moving2madrid.com\/it\/madrid-e-davvero-sicura\/\",\"name\":\"Madrid \\u00e8 davvero sicura? - Moving2Madrid\",\"isPartOf\":{\"@id\":\"https:\/\/moving2madrid.com\/it\/#website\"},\"primaryImageOfPage\":{\"@id\":\"https:\/\/moving2madrid.com\/it\/madrid-e-davvero-sicura\/#primaryimage\"},\"datePublished\":\"2016-01-28T09:58:44+00:00\",\"dateModified\":\"2017-05-10T12:58:59+00:00\",\"author\":{\"@id\":\"https:\/\/moving2madrid.com\/it\/#\/schema\/person\/a6bfd6ccd4b2590204d88bcb47452c73\"},\"inLanguage\":\"it-IT\",\"potentialAction\":[{\"@type\":\"ReadAction\",\"target\":[\"https:\/\/moving2madrid.com\/it\/madrid-e-davvero-sicura\/\"]}]},{\"@type\":\"Person\",\"@id\":\"https:\/\/moving2madrid.com\/it\/#\/schema\/person\/a6bfd6ccd4b2590204d88bcb47452c73\",\"name\":\"Pierre-Alban Waters\",\"image\":{\"@type\":\"ImageObject\",\"@id\":\"https:\/\/moving2madrid.com\/it\/#personlogo\",\"inLanguage\":\"it-IT\",\"url\":\"https:\/\/secure.gravatar.com\/avatar\/ff73ee474d122e5ab41206d6580120b2936edc82c427d19c5a4788bc83b0e37a?s=96&d=mm&r=g\",\"caption\":\"Pierre-Alban Waters\"},\"description\":\"https:\/\/plus.google.com\/+PierreAlbanWaters\",\"sameAs\":[\"http:\/\/moving2madrid.com\",\"https:\/\/twitter.com\/@pierrewaters\"]}]}<\/script>","amp_enabled":true,"_links":{"self":[{"href":"https:\/\/moving2madrid.com\/it\/wp-json\/wp\/v2\/posts\/6605","targetHints":{"allow":["GET"]}}],"collection":[{"href":"https:\/\/moving2madrid.com\/it\/wp-json\/wp\/v2\/posts"}],"about":[{"href":"https:\/\/moving2madrid.com\/it\/wp-json\/wp\/v2\/types\/post"}],"author":[{"embeddable":true,"href":"https:\/\/moving2madrid.com\/it\/wp-json\/wp\/v2\/users\/3"}],"replies":[{"embeddable":true,"href":"https:\/\/moving2madrid.com\/it\/wp-json\/wp\/v2\/comments?post=6605"}],"version-history":[{"count":0,"href":"https:\/\/moving2madrid.com\/it\/wp-json\/wp\/v2\/posts\/6605\/revisions"}],"wp:attachment":[{"href":"https:\/\/moving2madrid.com\/it\/wp-json\/wp\/v2\/media?parent=6605"}],"wp:term":[{"taxonomy":"category","embeddable":true,"href":"https:\/\/moving2madrid.com\/it\/wp-json\/wp\/v2\/categories?post=6605"},{"taxonomy":"post_tag","embeddable":true,"href":"https:\/\/moving2madrid.com\/it\/wp-json\/wp\/v2\/tags?post=6605"}],"curies":[{"name":"wp","href":"https:\/\/api.w.org\/{rel}","templated":true}]}}